{"id":251,"date":"2025-07-25T08:44:34","date_gmt":"2025-07-25T06:44:34","guid":{"rendered":"https:\/\/individualiseyourcar.com\/blog\/?p=251"},"modified":"2025-07-16T08:44:45","modified_gmt":"2025-07-16T06:44:45","slug":"lenkrad-neu-beziehen-tuev","status":"publish","type":"post","link":"https:\/\/individualiseyourcar.com\/blog\/2025\/07\/25\/lenkrad-neu-beziehen-tuev\/","title":{"rendered":"Ist das Neubeziehen des Lenkrads T\u00dcV-relevant?"},"content":{"rendered":"\n<p>Das Lenkrad ist nicht nur das zentrale Bedienelement beim Fahren, sondern auch ein entscheidendes Bauteil in Sachen Sicherheit. Kein Wunder also, dass viele Fahrzeugbesitzer sich fragen: <strong>Ist das Neubeziehen eines Lenkrads T\u00dcV-relevant?<\/strong><\/p>\n\n\n\n<h2 class=\"wp-block-heading\">Kurz gesagt: Nein \u2013 aber mit Bedingungen.<\/h2>\n\n\n\n<p>Grunds\u00e4tzlich <strong>ist das Neubeziehen eines Lenkrads nicht eintragungspflichtig<\/strong>, wenn dabei <strong>keine technischen Ver\u00e4nderungen<\/strong> <strong>am Lenkradkern<\/strong> vorgenommen werden. Das hei\u00dft: Wird das originale Lenkrad lediglich neu bezogen \u2013 z.\u202fB. mit Leder, Alcantara oder Mikrofaser \u2013 und bleibt dabei in seiner Form, Gr\u00f6\u00dfe und Funktion unver\u00e4ndert, dann ist das <strong>aus T\u00dcV-Sicht unbedenklich<\/strong>.<\/p>\n\n\n\n<p>Allerdings gibt es ein paar Punkte, die beachtet werden m\u00fcssen:<\/p>\n\n\n\n<h2 class=\"wp-block-heading\">Worauf es wirklich ankommt:<\/h2>\n\n\n\n<h3 class=\"wp-block-heading\">1. <strong>Originalzustand muss erhalten bleiben<\/strong><\/h3>\n\n\n\n<p>Wenn ein Lenkrad neu bezogen wird, darf <strong>keine bauliche Ver\u00e4nderung<\/strong> erfolgen. Es darf nicht in seiner Struktur ver\u00e4ndert oder anderweitig modifiziert werden. <\/p>\n\n\n\n<h3 class=\"wp-block-heading\">2. <strong>Airbag-Funktion darf nicht eingeschr\u00e4nkt werden<\/strong><\/h3>\n\n\n\n<p>Viele moderne Fahrzeuge verf\u00fcgen \u00fcber ein Multifunktionslenkrad mit integriertem Airbag. Beim Neubezug darf der <strong>Airbagbereich weder besch\u00e4digt noch behindert<\/strong> werden. Professionelle Anbieter achten darauf, den Airbagbereich unangetastet zu lassen \u2013 ein Muss f\u00fcr die Verkehrssicherheit.<\/p>\n\n\n\n<h3 class=\"wp-block-heading\">3. <strong>Verwendung geeigneter Materialien<\/strong><\/h3>\n\n\n\n<p>Es d\u00fcrfen ausschlie\u00dflich <strong>hitzebest\u00e4ndige und abriebfeste Materialien<\/strong> verwendet werden, die nicht verrutschen oder bei W\u00e4rme ihre Eigenschaften ver\u00e4ndern. Wer hier minderwertige Stoffe einsetzt, riskiert nicht nur M\u00e4ngel bei der T\u00dcV-Pr\u00fcfung, sondern auch ein Sicherheitsrisiko im Alltag.<\/p>\n\n\n\n<h2 class=\"wp-block-heading\">Was sagt der T\u00dcV konkret?<\/h2>\n\n\n\n<p>In der Praxis interessiert sich der T\u00dcV <strong>nicht f\u00fcr den Bezug selbst<\/strong>, sondern nur f\u00fcr sicherheitsrelevante Aspekte. Wenn das Lenkrad durch das Beziehen <strong>nicht ver\u00e4ndert wurde<\/strong>, der Airbag ordnungsgem\u00e4\u00df funktioniert und alle Bedienelemente weiter einwandfrei nutzbar sind, gibt es <strong>keine Beanstandung<\/strong> bei der Hauptuntersuchung. <\/p>\n\n\n\n<p><\/p>\n\n\n\n<p>Aber VORSICHT: Es gibt Anbieter, die z.B. bei einer Abflachung den Lenkradkern bearbeiten, diesen durschneiden und eine gerade Stange einsetzen. Dies kann zwar sch\u00f6n aussehen, aber dies ist <strong>weder legal noch ratsam.<\/strong> Was dabei bei einem Unfall passiert, kann keiner sagen. Ebenso kommt es durch asiatische Anbieter aktuell zu immer mehr <strong>Lenkrad NACHBAUTEN<\/strong>. <br>D.h. es wird kein gepr\u00fcftes Originallenkrad eines OEM Herstellers (wie Audi, BMW, Mercedes, etc.), sondern ein nachgegossenes Nachbaulenkrad genommen. Diese werden auf asiatischen Plattformen wie Aliexpress, Temu und Co. zu Spottpreisen, meist inkl. Carbonveredelung angeboten. Die Nutzung dieser Lenkr\u00e4der ist nicht T\u00dcV konform und sollte es zu einer Pr\u00fcfung kommen, erlischt die Betriebserlaubnis Deines Fahrzeugs. Diese Lenkr\u00e4der d\u00fcrfen eigentlich gar nicht nach Deutschland verkauft werden, denn das Lenkrad geh\u00f6rt zu einem sicherheitsrelevanten Bauteil. Der entsprechende Auszug aus \u00a722a StVZO:<\/p>\n\n\n\n<p>&#8222;<strong>\u00a7 22a StVZO \u2013 Bauartgenehmigung f\u00fcr Fahrzeugteile<\/strong><\/p>\n\n\n\n<p><strong>(1)<\/strong> Fahrzeugteile, deren <strong>Verwendung die Verkehrssicherheit wesentlich beeinflussen kann<\/strong>, d\u00fcrfen nur dann im Geltungsbereich dieser Verordnung <strong>angeboten, in den Verkehr gebracht oder verwendet<\/strong> werden, wenn f\u00fcr sie<\/p>\n\n\n\n<ol start=\"1\" class=\"wp-block-list\">\n<li>eine <strong>Bauartgenehmigung<\/strong> nach Absatz 2,<\/li>\n\n\n\n<li>eine <strong>EG-Typgenehmigung<\/strong> oder<\/li>\n\n\n\n<li>eine <strong>Genehmigung<\/strong> nach der Regelung Nr.\u202f10 der Wirtschaftskommission der Vereinten Nationen f\u00fcr Europa (UN\/ECE)<\/li>\n<\/ol>\n\n\n\n<p>erteilt worden ist.<\/p>\n\n\n\n<p><strong>(2)<\/strong> Fahrzeugteile im Sinne des Absatzes 1 sind insbesondere:<\/p>\n\n\n\n<ul class=\"wp-block-list\">\n<li><strong>Beleuchtungseinrichtungen<\/strong> (z.\u202fB. Scheinwerfer, R\u00fcckleuchten, Bremsleuchten, Fahrtrichtungsanzeiger),<\/li>\n\n\n\n<li><strong>Spiegel<\/strong>,<\/li>\n\n\n\n<li><strong>Scheibenwischer- und Waschanlagen<\/strong>,<\/li>\n\n\n\n<li><strong>Einrichtungen zur Sichtverbesserung<\/strong> (z.\u202fB. Heizdr\u00e4hte in Heckscheiben),<\/li>\n\n\n\n<li><strong>Hupe<\/strong>,<\/li>\n\n\n\n<li><strong>Fahrtrichtungsanzeiger<\/strong>,<\/li>\n\n\n\n<li><strong>Teile der Lenkung<\/strong>,<\/li>\n\n\n\n<li><strong>Bremsleitungen und Bremsschl\u00e4uche<\/strong>,<\/li>\n\n\n\n<li><strong>Bremsbel\u00e4ge und -scheiben<\/strong>,<\/li>\n\n\n\n<li><strong>Felgen und Reifen<\/strong>,<\/li>\n\n\n\n<li><strong>Sicherheitsgurte<\/strong>,<\/li>\n\n\n\n<li><strong>Kraftstofftanks<\/strong>,<\/li>\n\n\n\n<li><strong>Kinderr\u00fcckhalteeinrichtungen<\/strong>.<\/li>\n<\/ul>\n\n\n\n<p>[&#8230;]&#8220;<\/p>\n\n\n\n<p>Teile der Lenkung schlie\u00dfen das Lenkrad mit ein.<br>Jedes Lenkrad eines OEM Herstellers ist gepr\u00fcft und vom Kraftfahrtbundesamt (KBA) freigegeben. Diese sicherheitsrelevante Pr\u00fcfung ist bei den Nachbaulenkr\u00e4dern nicht passiert. Wenn ein Carbonlenkrad also unter 500,-\u20ac kosten soll, solltet ihr hellh\u00f6rig werden und euch mal die Frage stellen, wie es sein kann, dass ein gebrauchtes originales Lenkrad eines OEM Herstellers auf Kleinanzeigen und anderen Plattformen teilweise mehr kostet, als das Angebot inkl. Carbonveredelung aus Asien.<\/p>\n\n\n\n<h2 class=\"wp-block-heading\">Fazit:<\/h2>\n\n\n\n<p>\u2705 Das reine Neubeziehen eines Lenkrads <strong>ist nicht T\u00dcV-relevant<\/strong>,<br>\ud83d\udeab solange keine baulichen Ver\u00e4nderungen vorgenommen wurden,<br>\ud83d\udd12 sicherheitsrelevante Funktionen wie der Airbag <strong>voll erhalten bleiben<\/strong>.<br><strong>\ud83c\udff7\ufe0f<\/strong> und es sich um ein gepr\u00fcftes OEM Lenkrad handelt und kein Nachbau verwendet wird.<\/p>\n\n\n\n<p>Wenn Du also Dein Lenkrad individualisieren m\u00f6chtest, und Wert darauf legst, dass auf alle genannten Aspekte R\u00fccksicht genommen wird, bist Du bei uns genau richtig. Unsere neu bezogenen Lenkr\u00e4der \u00fcberzeugen nicht nur optisch, sondern erf\u00fcllen auch alle Anforderungen, damit ihr legal damit fahren k\u00f6nnt.<\/p>\n\n\n\n<p>\ud83d\udc49 <strong>Jetzt entdecken:<\/strong> <a href=\"https:\/\/individualiseyourcar.com\/de\/lenkrad-konfigurator.html\">Zum Lenkradkonfigurator<\/a><\/p>\n\n\n\n<p><strong>Hinweis:<\/strong><br>Wir verfassen alle unsere Beitr\u00e4ge nach bestem Wissen und gewissen. Solltest Du dennoch einen Fehler entdecken oder eine Anmerkung haben, freuen wir uns sehr \u00fcber eine Nachricht. So k\u00f6nnen wir die Inhalte gemeinsam noch besser machen.<\/p>\n","protected":false},"excerpt":{"rendered":"<p>Das Lenkrad ist nicht nur das zentrale Bedienelement beim Fahren, sondern auch ein entscheidendes Bauteil in Sachen Sicherheit. Kein Wunder also, dass viele Fahrzeugbesitzer sich fragen: Ist das Neubeziehen eines Lenkrads T\u00dcV-relevant? Kurz gesagt: Nein \u2013 aber mit Bedingungen. Grunds\u00e4tzlich ist das Neubeziehen eines Lenkrads nicht eintragungspflichtig, wenn dabei keine technischen Ver\u00e4nderungen am Lenkradkern vorgenommen [&hellip;]<\/p>\n","protected":false},"author":2,"featured_media":0,"comment_status":"open","ping_status":"open","sticky":false,"template":"","format":"standard","meta":{"footnotes":""},"categories":[1,38],"tags":[263,247,264,258,260,254,261,262,267,251,257,171,246,249,40,248,255,244,174,259,252,265,266,245,256,250,253],"class_list":["post-251","post","type-post","status-publish","format-standard","hentry","category-allgemein","category-lenkrad","tag-abriebfestigkeit-beim-lenkrad","tag-airbag-lenkrad-neu-beziehen","tag-airbagfunktion-erhalten","tag-alcantara-lenkrad-nachruesten","tag-auto-interieur-individualisierung","tag-darf-ich-mein-lenkrad-selber-neu-beziehen","tag-fahrzeugaufbereitung-lenkrad","tag-hitzebestaendiges-lenkradmaterial","tag-individualisierung-innenraum-auto","tag-ist-das-lenkrad-neu-beziehen-tuev-relevant","tag-lederlenkrad-aufarbeiten","tag-lenkrad-aufpolstern","tag-lenkrad-beziehen-tuev","tag-lenkrad-individualisieren-tuev","tag-lenkrad-neu-beziehen","tag-lenkrad-neu-beziehen-legal","tag-lenkrad-neu-beziehen-ohne-zulassungsprobleme","tag-lenkrad-tuev","tag-lenkradveredelung","tag-mikrofaser-lenkrad-tuning","tag-muss-ein-neu-bezogenes-lenkrad-eingetragen-werden","tag-originalzustand-lenkrad","tag-sicherheitsrelevante-fahrzeugteile","tag-tuev-lenkrad","tag-tuev-probleme-nach-lenkradveredelung","tag-tuev-konformer-lenkradbezug","tag-welche-materialien-sind-tuev-konform-beim-lenkradbezug"],"_links":{"self":[{"href":"https:\/\/individualiseyourcar.com\/blog\/wp-json\/wp\/v2\/posts\/251","targetHints":{"allow":["GET"]}}],"collection":[{"href":"https:\/\/individualiseyourcar.com\/blog\/wp-json\/wp\/v2\/posts"}],"about":[{"href":"https:\/\/individualiseyourcar.com\/blog\/wp-json\/wp\/v2\/types\/post"}],"author":[{"embeddable":true,"href":"https:\/\/individualiseyourcar.com\/blog\/wp-json\/wp\/v2\/users\/2"}],"replies":[{"embeddable":true,"href":"https:\/\/individualiseyourcar.com\/blog\/wp-json\/wp\/v2\/comments?post=251"}],"version-history":[{"count":5,"href":"https:\/\/individualiseyourcar.com\/blog\/wp-json\/wp\/v2\/posts\/251\/revisions"}],"predecessor-version":[{"id":279,"href":"https:\/\/individualiseyourcar.com\/blog\/wp-json\/wp\/v2\/posts\/251\/revisions\/279"}],"wp:attachment":[{"href":"https:\/\/individualiseyourcar.com\/blog\/wp-json\/wp\/v2\/media?parent=251"}],"wp:term":[{"taxonomy":"category","embeddable":true,"href":"https:\/\/individualiseyourcar.com\/blog\/wp-json\/wp\/v2\/categories?post=251"},{"taxonomy":"post_tag","embeddable":true,"href":"https:\/\/individualiseyourcar.com\/blog\/wp-json\/wp\/v2\/tags?post=251"}],"curies":[{"name":"wp","href":"https:\/\/api.w.org\/{rel}","templated":true}]}}